{"id":1110,"date":"2026-03-16T06:57:27","date_gmt":"2026-03-16T05:57:27","guid":{"rendered":"https:\/\/fs4you.fsg-preetz.de\/?p=1110"},"modified":"2026-04-20T13:37:45","modified_gmt":"2026-04-20T11:37:45","slug":"interviews-jugend-debattiert","status":"publish","type":"post","link":"https:\/\/fs4you.fsg-preetz.de\/?p=1110","title":{"rendered":"Interviews &#8211; Jugend debattiert"},"content":{"rendered":"\n<p><strong>F\u00fcr Interviews haben wir uns entschieden einen Regionalkoordinator f\u00fcr den Ablauf und unsere zwei Teilnehmer, Jara und Marie, f\u00fcr die eigene Erfahrungen zu interviewen.<\/strong><\/p>\n\n\n\n<p><strong>Interview Carsten Gr\u00fcn<\/strong><\/p>\n\n\n\n<p><strong>Einmal f\u00fcrs Protokoll. Mit wem sind wir hier?<\/strong><\/p>\n\n\n\n<p><em>Ja, ich bin Carsten Gr\u00fcn. Ich bin einer der Regionalkoordinatoren von Jugenddebattiert f\u00fcr diese Region Mitte in Schleswig-Holstein.<\/em><\/p>\n\n\n\n<p><strong>Und wieso machen Sie das? <\/strong><\/p>\n\n\n\n<p><em>Oh, weil ich selber schon in meiner eigenen Schulzeit und auch ein bisschen in der Studienzeit debattiert habe und an der Schule, an der ich mal war, Jugend debattiert, eine gro\u00dfe Rolle spielte und so bin ich da so ein bisschen reingewachsen. Ich selber bin auch als Lehrer mit Sch\u00fclern schon lange im Projekt engagiert und habe diese Rolle jetzt als Regionalkoordinator schon vor einigen Jahren \u00fcbernommen, um da eben so ein bisschen noch im Wettbewerb zu unterst\u00fctzen.<\/em><\/p>\n\n\n\n<p><strong>Also macht Ihnen das auch Spa\u00df?<\/strong><\/p>\n\n\n\n<p><em>Ja, das bringt mir sehr viel Spa\u00df und vor allem ist meine Meinung, dass es den Sch\u00fclerinnen und Sch\u00fclern viel Spa\u00df macht, in der Klasse nat\u00fcrlich erstmal in die Debatte zu gehen und der Wettbewerb, so wie heute, das ist ja nur sozusagen eine so eine Art Norddeutsche w\u00fcrde man sagen, Add-on f\u00fcr diejenigen, die besonders viel Lust haben oder manchmal auch besonders gut im Debattieren sind. Also wichtig ist tats\u00e4chlich, dass alle die Chance haben, in der Klasse zu debattieren und ich sage nochmal, da habe ich mit den Sch\u00fclern gemeinsam total gute Erfahrungen gemacht.<\/em><\/p>\n\n\n\n<p><strong>K\u00f6nnen sie einmal eine kurze Zusammenfassung geben, wie das alles geregelt wird und ob das viel Aufwand ist?<\/strong><\/p>\n\n\n\n<p><em>Das Gute ist ja, dass wir uns das ein bisschen teilen hier in der Region Kiel. Also es gibt ja einmal diesen Finaltag, den bereitet Herr Henschel ganz ma\u00dfgeblich vor. Sorgt also f\u00fcr die R\u00e4ume, sorgt f\u00fcr die Unterlagen, sorgt f\u00fcr die Technik. Ich bin derjenige, der die Vorbereitung im Vorfeld ma\u00dfgeblich durchf\u00fchrt. Und damit daf\u00fcr sorgt, dass es genug Teilnehmer sind, dass es genug Juroren sind, dass die Debattenpl\u00e4ne erstellt sind. Also insofern ist es gerade jetzt in den letzten zwei, drei Tagen doch viel Aufwand, weil auch noch viele Ver\u00e4nderungen eingearbeitet werden m\u00fcssen, die Pl\u00e4ne m\u00fcssen dann final erstellt werden. Insgesamt ist es auf jeden Fall ein Aufwand, der sich sehr lohnt. Ich hoffe, euer Eindruck ist auch so, wenn ihr euch ein bisschen umguckt, wenn ihr vielleicht gleich noch eine Debatte mitmacht und dass es tolle Debatten sind und einfach eine gute Sache f\u00fcr alle Beteiligten.<\/em><\/p>\n\n\n\n<p><\/p>\n\n\n\n<p><strong>Interview Jara Lorenz<\/strong><\/p>\n\n\n\n<p><strong>Wie waren deine Erfahrungen bei Jugend debattiert?<\/strong><\/p>\n\n\n\n<p><em>Ich bin der Meinung es lief trotz dessen das wir beide nicht weitergekommen sind relativ gut. Am Anfang hab ich nat\u00fcrlich gemerkt, dass ich aufgeregt war, jedoch konnte ich das schnell beseitigen, denn wir hatten noch vor den beiden Debatten Zeit zum Vorbereiten. So konnte ich mich auf meine Frage und Position konzentrieren.<\/em><\/p>\n\n\n\n<p><strong>Und wie fandest du es?<\/strong><\/p>\n\n\n\n<p><em>Ich pers\u00f6nlich fand es aufregend und ich war anfangs sehr nerv\u00f6s, aber nachdem ich meine Position bekommen habe, konnte ich mich gut konzentriert vorbereiten. Auch im Debatten Raum verlief alles so, das man sich schnell wohlgef\u00fchlt hat. Es hat wirklich viel Spa\u00df gemacht, aber leider gab es Schulen, die Teilnehmer hatten, die schon mehrere Jahre in Folge dabei waren, wodurch diese einen Vorteil hatten.<\/em><\/p>\n\n\n\n<p><strong>Gab es Schwierigkeiten, die du w\u00e4hrenddessen erlebt hast?<\/strong><\/p>\n\n\n\n<p><em>Nat\u00fcrlich wie bereits gesagt meine Nervosit\u00e4t. Au\u00dferdem hatte ich anfangs Angst meine Debatten Partnerinnen kennenzulernen, aber sie waren beide sehr nett und wir konnten gut zusammen arbeiten. Schwierig fand ich aber auch vor allem die zweite Runde, da ich dort pro eins war und somit die Runde anfangen musste und auch am Ende direkt nach den 12 Minuten beenden musste, ohne gro\u00df zu \u00fcberlegen, was ich genau sage.<\/em><\/p>\n\n\n\n<p><\/p>\n\n\n\n<p><\/p>\n\n\n\n<p><\/p>\n","protected":false},"excerpt":{"rendered":"<p>F\u00fcr Interviews haben wir uns entschieden einen Regionalkoordinator f\u00fcr den Ablauf und unsere zwei Teilnehmer, Jara und Marie, f\u00fcr die eigene Erfahrungen zu interviewen. Interview &hellip; <\/p>\n","protected":false},"author":33,"featured_media":0,"comment_status":"open","ping_status":"open","sticky":true,"template":"","format":"standard","meta":[],"categories":[16],"tags":[],"_links":{"self":[{"href":"https:\/\/fs4you.fsg-preetz.de\/index.php?rest_route=\/wp\/v2\/posts\/1110"}],"collection":[{"href":"https:\/\/fs4you.fsg-preetz.de\/index.php?rest_route=\/wp\/v2\/posts"}],"about":[{"href":"https:\/\/fs4you.fsg-preetz.de\/index.php?rest_route=\/wp\/v2\/types\/post"}],"author":[{"embeddable":true,"href":"https:\/\/fs4you.fsg-preetz.de\/index.php?rest_route=\/wp\/v2\/users\/33"}],"replies":[{"embeddable":true,"href":"https:\/\/fs4you.fsg-preetz.de\/index.php?rest_route=%2Fwp%2Fv2%2Fcomments&post=1110"}],"version-history":[{"count":3,"href":"https:\/\/fs4you.fsg-preetz.de\/index.php?rest_route=\/wp\/v2\/posts\/1110\/revisions"}],"predecessor-version":[{"id":1130,"href":"https:\/\/fs4you.fsg-preetz.de\/index.php?rest_route=\/wp\/v2\/posts\/1110\/revisions\/1130"}],"wp:attachment":[{"href":"https:\/\/fs4you.fsg-preetz.de\/index.php?rest_route=%2Fwp%2Fv2%2Fmedia&parent=1110"}],"wp:term":[{"taxonomy":"category","embeddable":true,"href":"https:\/\/fs4you.fsg-preetz.de\/index.php?rest_route=%2Fwp%2Fv2%2Fcategories&post=1110"},{"taxonomy":"post_tag","embeddable":true,"href":"https:\/\/fs4you.fsg-preetz.de\/index.php?rest_route=%2Fwp%2Fv2%2Ftags&post=1110"}],"curies":[{"name":"wp","href":"https:\/\/api.w.org\/{rel}","templated":true}]}}