{"id":205,"date":"2021-11-04T19:28:12","date_gmt":"2021-11-04T18:28:12","guid":{"rendered":"https:\/\/fs4you.fsg-preetz.de\/?p=205"},"modified":"2024-01-05T17:20:37","modified_gmt":"2024-01-05T16:20:37","slug":"das-friedrich-schiller-gymnasium-gibt-ihre-stimme-ab","status":"publish","type":"post","link":"https:\/\/fs4you.fsg-preetz.de\/?p=205","title":{"rendered":"Das Friedrich-Schiller-Gymnasium gibt seine Stimme ab!"},"content":{"rendered":"\n<p>Die diesj\u00e4hrige Bundestagswahl stand unmittelbar bevor: Am 26. September \u00f6ffneten die Wahllokale ihre T\u00fcren und die Wahlberechtigen gaben ihre Stimmen zum 20. Bundestag ab. Doch welche\/n Kandidatin\/en und welche Partei soll man w\u00e4hlen?<\/p>\n\n\n\n<p>Eine Antwort auf diese Frage konnten Sch\u00fclerinnen und Sch\u00fcler der Jahrgangsstufe E bis Q1 des Friedrich-Schiller-Gymnasiums am 01. September 2021 im Rahmen einer Podiumsdiskussion erhalten.<\/p>\n\n\n\n<p>Denn wie auch zur Europawahl 2019, hatten die Sch\u00fcler*innen des Friedrich-Schiller-Gymnasiums der Jahrgangsstufe 9 bis Q2 auch dieses Jahr die Ehre, bei der Juniorwahl mitw\u00e4hlen zu d\u00fcrfen<\/p>\n\n\n\n<p>Durch die Podiumsdiskussion sollte diese Entscheidung den Sch\u00fcler*innen leichter fallen, ihre politische Stimme abzugeben.<\/p>\n\n\n\n<p>Sowohl f\u00fcr die Podiumsdiskussion als auch f\u00fcr die Juniorwahl, haben die Vorbereitungen sechs Wochen zuvor begonnen.<\/p>\n\n\n\n<p>Durch einen von Frau Wollna organisierten Fachtag f\u00fcr das WiPo-Profils des Q1-Jahrgangs, stand nach intensiven sechs Stunden die Planungen fest und die Ideen und Vorstellungen waren bereit zur Umsetzung.<\/p>\n\n\n\n<p>01. September 2021 \u2013 Aula des Friedrich-Schiller-Gymnasiums. Kurz nach 10:00Uhr am Morgen stand alles bereit. F\u00fcr das Wipo-Profil war alles zu ihrer Zufriedenheit. Sie waren bereits gespannt auf eine spannende Podiumsdiskussion mit den Vertretern von sechs Parteien. Angetreten waren die Direktkandidatinnen\/en folgender Parteien: Die Gr\u00fcnen\/B\u00fcndnis 90, der SSW, der Linken, der Jungen Union, der FDP und der SPD.<\/p>\n\n\n\n<p>Auch die Sch\u00fcler*innen des Friedrich-Schiller-Gymnasiums trudeln langsam ein. Eingeladen zu der Podiumsdiskussion waren der gesamte E-Jahrgang sowie der Q1-Jahrgang. Die Neugier auf die Politiker*innen und den Verlauf der Podiumsdiskussion waren in ihren Gesichtern kaum zu \u00dcbersehen.<\/p>\n\n\n\n<figure class=\"wp-block-gallery columns-1 is-cropped\"><ul class=\"blocks-gallery-grid\"><li class=\"blocks-gallery-item\"><figure><img loading=\"lazy\" width=\"1024\" height=\"576\" src=\"http:\/\/fs4you.fsg-preetz.de\/wp-content\/uploads\/2021\/11\/P1030635-1024x576.jpg\" alt=\"\" data-id=\"209\" data-full-url=\"http:\/\/fs4you.fsg-preetz.de\/wp-content\/uploads\/2021\/11\/P1030635-scaled.jpg\" data-link=\"https:\/\/fs4you.fsg-preetz.de\/?attachment_id=209\" class=\"wp-image-209\" srcset=\"https:\/\/fs4you.fsg-preetz.de\/wp-content\/uploads\/2021\/11\/P1030635-1024x576.jpg 1024w, https:\/\/fs4you.fsg-preetz.de\/wp-content\/uploads\/2021\/11\/P1030635-300x169.jpg 300w, https:\/\/fs4you.fsg-preetz.de\/wp-content\/uploads\/2021\/11\/P1030635-768x432.jpg 768w, https:\/\/fs4you.fsg-preetz.de\/wp-content\/uploads\/2021\/11\/P1030635-1536x864.jpg 1536w, https:\/\/fs4you.fsg-preetz.de\/wp-content\/uploads\/2021\/11\/P1030635-2048x1152.jpg 2048w, https:\/\/fs4you.fsg-preetz.de\/wp-content\/uploads\/2021\/11\/P1030635-820x460.jpg 820w, https:\/\/fs4you.fsg-preetz.de\/wp-content\/uploads\/2021\/11\/P1030635-1260x710.jpg 1260w\" sizes=\"(max-width: 1024px) 100vw, 1024px\" \/><\/figure><\/li><\/ul><\/figure>\n\n\n\n<p>Eine von Azra-Mina Bozkurt und Lea-Marie Pinnenberg einladende Willkommensrede, leitete die Podiumsdiskussion perfekt ein. Die beiden Sch\u00fcler*innen erlangten die erhoffte Aufmerksamkeit des Publikums und der Politiker*innen \u2013 Die Podiumsdiskussion konnte starten!<\/p>\n\n\n\n<p>Durch eine kleine Vorstellungsrunde der Politiker*innen, erhielt das Publikum die M\u00f6glichkeit, einen kurzen Einblick die Standpunkte dieser zu blicken. Anschlie\u00dfend wurde \u00fcber das eigentliche Thema diskutiert \u2013 Der Klimawandel. Dazu wurden den Politiker*innen bez\u00fcglich dessen Fragen gestellt, wie zum Beispiel: \u201eWie steht ihre Partei zum Klimawandel\u201c, die alle Parteien beantworten konnten. Weitere Fragen ben\u00f6tigten Moderatoren Niklas Kahl und Till Kruppa vorerst nicht zu stellen, da die Diskussion ihren erhofften Verlauf nahm. Nach einer 30 Min\u00fctgen hitzigen und spannenden Diskussion, wurden die Politiker*innen in das \u201eWorld Caf\u00e9\u201c gef\u00fchrt. Durch dieses \u201eWorld-Caf\u00e9\u201c erhielten die Sch\u00fcler*innen die M\u00f6glichkeit, den verschiedenen Politikern*innen in einem Einzelgespr\u00e4ch Fragen zu stellen. Dementsprechend hatten die Politiker*innen aus den verschiedenen Parteien das Vergn\u00fcgen mit den Sch\u00fclern zu sprechen und ihre Fragen beantworten zu k\u00f6nnen. Durch dieses rotierende System hatten die Politiker sechs bis sieben Minuten Zeit, sich mit den Sch\u00fcler*innen auszutauschen. Nach sechs bis sieben Minuten, wurde eine Glocke gel\u00e4utet, dies war das Signal f\u00fcr den Wechsel der Politiker an den jeweiligen Gruppentischen.<\/p>\n\n\n\n<p>Nach 40 Minuten im \u201eWorld Caf\u00e9\u201c, wurden die Politiker*innen auf die B\u00fchne gerufen, sodass sich das Wipo Profil sowohl bei Ihnen als auch bei Frau Wollna, herzlich bedanken konnte. Durch die lockere Atmosph\u00e4re konnten die Sch\u00fcler*innen viel \u00fcber die Parteien erfahren du war sicher hilfreich zur Meinungsbildung f\u00fcr die bevorstehenden Wahlen.<\/p>\n\n\n\n<figure class=\"wp-block-gallery columns-1 is-cropped\"><ul class=\"blocks-gallery-grid\"><li class=\"blocks-gallery-item\"><figure><img loading=\"lazy\" width=\"1024\" height=\"576\" src=\"http:\/\/fs4you.fsg-preetz.de\/wp-content\/uploads\/2021\/11\/P1030662-1024x576.jpg\" alt=\"\" data-id=\"207\" data-full-url=\"http:\/\/fs4you.fsg-preetz.de\/wp-content\/uploads\/2021\/11\/P1030662-scaled.jpg\" data-link=\"https:\/\/fs4you.fsg-preetz.de\/?attachment_id=207\" class=\"wp-image-207\" srcset=\"https:\/\/fs4you.fsg-preetz.de\/wp-content\/uploads\/2021\/11\/P1030662-1024x576.jpg 1024w, https:\/\/fs4you.fsg-preetz.de\/wp-content\/uploads\/2021\/11\/P1030662-300x169.jpg 300w, https:\/\/fs4you.fsg-preetz.de\/wp-content\/uploads\/2021\/11\/P1030662-768x432.jpg 768w, https:\/\/fs4you.fsg-preetz.de\/wp-content\/uploads\/2021\/11\/P1030662-1536x864.jpg 1536w, https:\/\/fs4you.fsg-preetz.de\/wp-content\/uploads\/2021\/11\/P1030662-2048x1152.jpg 2048w, https:\/\/fs4you.fsg-preetz.de\/wp-content\/uploads\/2021\/11\/P1030662-820x460.jpg 820w, https:\/\/fs4you.fsg-preetz.de\/wp-content\/uploads\/2021\/11\/P1030662-1260x710.jpg 1260w\" sizes=\"(max-width: 1024px) 100vw, 1024px\" \/><\/figure><\/li><\/ul><\/figure>\n\n\n\n<p>23. September 2021 \u2013 Aula des Friedrich-Schiller-Gymnasiums. Den Sch\u00fclerinnen und Sch\u00fclern der Jahrgangsstufen 9 bis Q2 wurde durch die Juniorwahl erm\u00f6glicht, einen kompletten Wahldurchlauf zu simulieren und sich als \u201cW\u00e4hlerinnen und W\u00e4hler\u201d im demokratischen System auszuprobieren. Im Vorfeld hatten sie unter anderem das System der Bundestagswahl, die Parteien sowie auch die Parteiprogramme im Unterricht kennengelernt, bevor die m\u00f6glichst realit\u00e4tsnahe, klassische Papierwahl in der Aula durchgef\u00fchrt wurde.<\/p>\n\n\n\n<p>P\u00fcnktlich um 07:50 kommen die ersten W\u00e4hler*innen des 9. Jahrgangs, um ihre Stimme abzugeben. Jeder Klasse wurde ein bestimmter Zeitraum zugeordnet, indem sich in der Aula zu befinden hatten. Um die Kohorten zu bewahren, \u00fcberschnitt sich der Aufenthalt der jeweiligen Klassen nicht. Die Wahl verl\u00e4uft reibungslos, bis diese um 10:30 f\u00fcr beendet erkl\u00e4rt werden konnte.<\/p>\n\n\n\n<p>Nun machte sich das WiPo-Profil des Q1 Jahrgangs wieder ans Werk, die sich vor der m\u00fchsamen Ausz\u00e4hlung nicht scheuten. Sehr genau verlief dies und unter der Leitung ihrer Klassenlehrerin Frau Wollna. Nach knapp einer Stunde kommt die Klasse zu einem Ergebnis, welches nach Berlin geschickt wurde.<\/p>\n\n\n\n<p>Durch die Wahlbenachrichtigungsscheine, die von den Sch\u00fclern mitgebrachten Personalausweise, Wahlkabinen und Stimmzettel wirkte die Juniorwahl der normalen Bundestagswahl zum Verwechseln \u00e4hnlich.<\/p>\n","protected":false},"excerpt":{"rendered":"<p>Die diesj\u00e4hrige Bundestagswahl stand unmittelbar bevor: Am 26. September \u00f6ffneten die Wahllokale ihre T\u00fcren und die Wahlberechtigen gaben ihre Stimmen zum 20. Bundestag ab. Doch &hellip; <\/p>\n","protected":false},"author":2,"featured_media":0,"comment_status":"closed","ping_status":"closed","sticky":false,"template":"","format":"standard","meta":[],"categories":[9],"tags":[],"_links":{"self":[{"href":"https:\/\/fs4you.fsg-preetz.de\/index.php?rest_route=\/wp\/v2\/posts\/205"}],"collection":[{"href":"https:\/\/fs4you.fsg-preetz.de\/index.php?rest_route=\/wp\/v2\/posts"}],"about":[{"href":"https:\/\/fs4you.fsg-preetz.de\/index.php?rest_route=\/wp\/v2\/types\/post"}],"author":[{"embeddable":true,"href":"https:\/\/fs4you.fsg-preetz.de\/index.php?rest_route=\/wp\/v2\/users\/2"}],"replies":[{"embeddable":true,"href":"https:\/\/fs4you.fsg-preetz.de\/index.php?rest_route=%2Fwp%2Fv2%2Fcomments&post=205"}],"version-history":[{"count":3,"href":"https:\/\/fs4you.fsg-preetz.de\/index.php?rest_route=\/wp\/v2\/posts\/205\/revisions"}],"predecessor-version":[{"id":213,"href":"https:\/\/fs4you.fsg-preetz.de\/index.php?rest_route=\/wp\/v2\/posts\/205\/revisions\/213"}],"wp:attachment":[{"href":"https:\/\/fs4you.fsg-preetz.de\/index.php?rest_route=%2Fwp%2Fv2%2Fmedia&parent=205"}],"wp:term":[{"taxonomy":"category","embeddable":true,"href":"https:\/\/fs4you.fsg-preetz.de\/index.php?rest_route=%2Fwp%2Fv2%2Fcategories&post=205"},{"taxonomy":"post_tag","embeddable":true,"href":"https:\/\/fs4you.fsg-preetz.de\/index.php?rest_route=%2Fwp%2Fv2%2Ftags&post=205"}],"curies":[{"name":"wp","href":"https:\/\/api.w.org\/{rel}","templated":true}]}}