{"id":464,"date":"2024-05-07T19:50:45","date_gmt":"2024-05-07T17:50:45","guid":{"rendered":"https:\/\/fs4you.fsg-preetz.de\/?p=464"},"modified":"2024-07-15T10:41:11","modified_gmt":"2024-07-15T08:41:11","slug":"die-europawahl-2024-am-fsg","status":"publish","type":"post","link":"https:\/\/fs4you.fsg-preetz.de\/?p=464","title":{"rendered":"Die Europawahl 2024 am FSG"},"content":{"rendered":"\n<p>Eine kleine Gruppe von Politikern stellte sich am Freitag den dritten Mai in der 3. und 4. Stunde den Jahrg\u00e4ngen 9, 10, Q1 vor.<\/p>\n\n\n\n<p>Besonders von Seiten der SPD, wurde der Wunsch ge\u00e4u\u00dfert, geduzt zu werden.<\/p>\n\n\n\n<p>Einige Sch\u00fcler*innen bekamen Zettel mit Fragen an die Parteien, welche in einer folgenden Fragerunde beantwortet wurden. Die Runde verlief unterhaltsam, wobei nicht nur spezifische Fragen zur Partei, ebenfalls zur Weltpolitik gestellt wurden und auch der Angriffskrieg in der Ukraine war ein Gespr\u00e4chsthema.<\/p>\n\n\n\n<p>Lange wurde \u00fcber das Lieferkettengesetz diskutiert, was besonders von Seite der Linken, der Gr\u00fcnen und SPD unterst\u00fctzt wurde, da es hierbei um Menschen- Umwelt- und Kinderrechte ging. Gespr\u00e4chsthemen wurden immer wieder aufgegriffen und die Vertreter der Parteien gingen sehr direkt aufeinander ein.<\/p>\n\n\n\n<p>Von Seiten der Sch\u00fcler wurden oft Fragen zur Abschaffung der AfD gestellt und schlussendlich gesellten sich viele Sch\u00fcler zum AfD Politiker, stellten Fragen, weshalb er ausgerechnet diese Partei vertritt.<\/p>\n\n\n\n<p>An Kianusch, den SPD-Politiker wurde die Frage gerichtet, wie man sich denn als Jugendlicher in der Politik engagieren k\u00f6nnte. Er schlug Jugendorganisationen, Jugendparlamente und -Beir\u00e4te vor, die man im Internet finden kann. Dort kann man direkten Kontakt aufnehmen und wird bei Nachfrage garantiert mit offenen Armen begr\u00fc\u00dft.<\/p>\n\n\n\n<div class=\"wp-block-image\"><figure class=\"alignleft size-large\"><img loading=\"lazy\" width=\"1024\" height=\"576\" src=\"https:\/\/fs4you.fsg-preetz.de\/wp-content\/uploads\/2024\/05\/Pd-1024x576.jpg\" alt=\"\" class=\"wp-image-466\" srcset=\"https:\/\/fs4you.fsg-preetz.de\/wp-content\/uploads\/2024\/05\/Pd-1024x576.jpg 1024w, https:\/\/fs4you.fsg-preetz.de\/wp-content\/uploads\/2024\/05\/Pd-300x169.jpg 300w, https:\/\/fs4you.fsg-preetz.de\/wp-content\/uploads\/2024\/05\/Pd-768x432.jpg 768w, https:\/\/fs4you.fsg-preetz.de\/wp-content\/uploads\/2024\/05\/Pd-1536x864.jpg 1536w, https:\/\/fs4you.fsg-preetz.de\/wp-content\/uploads\/2024\/05\/Pd-2048x1152.jpg 2048w, https:\/\/fs4you.fsg-preetz.de\/wp-content\/uploads\/2024\/05\/Pd-820x460.jpg 820w, https:\/\/fs4you.fsg-preetz.de\/wp-content\/uploads\/2024\/05\/Pd-1260x710.jpg 1260w\" sizes=\"(max-width: 1024px) 100vw, 1024px\" \/><\/figure><\/div>\n\n\n\n<p>Bei der Nachfrage, was die Sch\u00fclerInnen von solch einer Podiumsdiskussion mitnahmen und wie es ihnen gefiel, erhielt man R\u00fcckmeldungen wie:<\/p>\n\n\n\n<p>\u201ePrinzipiell ist diese Podiumsdiskussion eine gute Idee, aber es wurde zu lange geredet, was auf Dauer anstrengend ist.\u201c<\/p>\n\n\n\n<p>\u201eDie Vorstellungsrunde war etwas unn\u00f6tig, da wir bereits im Voraus \u00fcber die jeweiligen Politiker recherchiert und Streckbriefe verfasst hatten.\u201c<\/p>\n\n\n\n<p>\u201eDer Vertreter der AfD war abwertend, es schien als w\u00fcsste er nicht wof\u00fcr seine Partei steht.\u201c<\/p>\n\n\n\n<p>\u201eVieles politisches Gepl\u00e4nkel und kaum wahln\u00f6tiger Inhalt.\u201c<\/p>\n\n\n\n<p>\u201eSie haben sich bem\u00fcht mit uns auf einer Wellenl\u00e4nge zu sein, aber die n\u00e4chste Generation wurde nicht direkt angesprochen.\u201c<\/p>\n\n\n\n<p>Jugendliche sollen w\u00e4hlen gehen, appellierten die Parteivertreter mehrmals, denn dies sei das eigentlich Wichtigste, bei der ganzen Sache.<\/p>\n\n\n\n<figure class=\"wp-block-image size-large is-resized\"><img loading=\"lazy\" src=\"https:\/\/fs4you.fsg-preetz.de\/wp-content\/uploads\/2024\/05\/Podiumsdisskusion2-576x1024.jpg\" alt=\"\" class=\"wp-image-467\" width=\"394\" height=\"700\" srcset=\"https:\/\/fs4you.fsg-preetz.de\/wp-content\/uploads\/2024\/05\/Podiumsdisskusion2-576x1024.jpg 576w, https:\/\/fs4you.fsg-preetz.de\/wp-content\/uploads\/2024\/05\/Podiumsdisskusion2-169x300.jpg 169w, https:\/\/fs4you.fsg-preetz.de\/wp-content\/uploads\/2024\/05\/Podiumsdisskusion2-768x1365.jpg 768w, https:\/\/fs4you.fsg-preetz.de\/wp-content\/uploads\/2024\/05\/Podiumsdisskusion2-864x1536.jpg 864w, https:\/\/fs4you.fsg-preetz.de\/wp-content\/uploads\/2024\/05\/Podiumsdisskusion2-1152x2048.jpg 1152w, https:\/\/fs4you.fsg-preetz.de\/wp-content\/uploads\/2024\/05\/Podiumsdisskusion2-scaled.jpg 1440w\" sizes=\"(max-width: 394px) 100vw, 394px\" \/><\/figure>\n\n\n\n<p>Hier eine Auflistung der Namen der Politiker und der Partei welche sie vertreten:<\/p>\n\n\n\n<p>Gr\u00fcne: Vincent Schlottfeld <\/p>\n\n\n\n<p>SPD: Kianusch Stender <\/p>\n\n\n\n<p>CDU: Tom D\u00fcwel <\/p>\n\n\n\n<p>FDP: Helmer Krane <\/p>\n\n\n\n<p>AfD: Volker Schnurrbusch<\/p>\n\n\n\n<p>Linke: Robin Strie\u00df<\/p>\n","protected":false},"excerpt":{"rendered":"<p>Eine kleine Gruppe von Politikern stellte sich am Freitag den dritten Mai in der 3. und 4. Stunde den Jahrg\u00e4ngen 9, 10, Q1 vor. Besonders &hellip; <\/p>\n","protected":false},"author":17,"featured_media":465,"comment_status":"closed","ping_status":"closed","sticky":false,"template":"","format":"standard","meta":[],"categories":[5,10],"tags":[],"_links":{"self":[{"href":"https:\/\/fs4you.fsg-preetz.de\/index.php?rest_route=\/wp\/v2\/posts\/464"}],"collection":[{"href":"https:\/\/fs4you.fsg-preetz.de\/index.php?rest_route=\/wp\/v2\/posts"}],"about":[{"href":"https:\/\/fs4you.fsg-preetz.de\/index.php?rest_route=\/wp\/v2\/types\/post"}],"author":[{"embeddable":true,"href":"https:\/\/fs4you.fsg-preetz.de\/index.php?rest_route=\/wp\/v2\/users\/17"}],"replies":[{"embeddable":true,"href":"https:\/\/fs4you.fsg-preetz.de\/index.php?rest_route=%2Fwp%2Fv2%2Fcomments&post=464"}],"version-history":[{"count":2,"href":"https:\/\/fs4you.fsg-preetz.de\/index.php?rest_route=\/wp\/v2\/posts\/464\/revisions"}],"predecessor-version":[{"id":469,"href":"https:\/\/fs4you.fsg-preetz.de\/index.php?rest_route=\/wp\/v2\/posts\/464\/revisions\/469"}],"wp:featuredmedia":[{"embeddable":true,"href":"https:\/\/fs4you.fsg-preetz.de\/index.php?rest_route=\/wp\/v2\/media\/465"}],"wp:attachment":[{"href":"https:\/\/fs4you.fsg-preetz.de\/index.php?rest_route=%2Fwp%2Fv2%2Fmedia&parent=464"}],"wp:term":[{"taxonomy":"category","embeddable":true,"href":"https:\/\/fs4you.fsg-preetz.de\/index.php?rest_route=%2Fwp%2Fv2%2Fcategories&post=464"},{"taxonomy":"post_tag","embeddable":true,"href":"https:\/\/fs4you.fsg-preetz.de\/index.php?rest_route=%2Fwp%2Fv2%2Ftags&post=464"}],"curies":[{"name":"wp","href":"https:\/\/api.w.org\/{rel}","templated":true}]}}