{"id":576,"date":"2024-07-16T19:43:07","date_gmt":"2024-07-16T17:43:07","guid":{"rendered":"https:\/\/fs4you.fsg-preetz.de\/?p=576"},"modified":"2024-11-27T20:51:57","modified_gmt":"2024-11-27T19:51:57","slug":"thw-helfer-in-der-not","status":"publish","type":"post","link":"https:\/\/fs4you.fsg-preetz.de\/?p=576","title":{"rendered":"THW; Helfer in der Not"},"content":{"rendered":"\n<p>Das technische Hilfswerk hat dieses Jahr ein Projekt an dieser Schule, geleitet von Michael Hye, der selber seit 1991 im THW aktiv ist. Seit Anfang der Woche stehen auf dem Spielehof 2 gro\u00dfe Autos mit dem Aufdruck THW. Wof\u00fcr die verantwortlich sind und was sie in diesem Projekt machen erfahrt ihr in diesem Text\u2026<\/p>\n\n\n\n<p><\/p>\n\n\n\n<p>Das THW organisiert insgesamt etwa 88.000 Ehrenamtliche Helferinnen und Helfer, bundesweit in 668 Ortsverb\u00e4nden. In vielf\u00e4ltigen Eins\u00e4tzen und \u00dcbungen engagieren sich die THW-Kr\u00e4fte in ihrer Freizeit f\u00fcr den Zivil- und Bev\u00f6lkerungsschutz.<\/p>\n\n\n\n<p>Die Idee mit dem eigenen Projekt kam urspr\u00fcnglich sogar vom THW. Sie haben das FSG gefragt, ob eine Projektwoche existiert und ob sie teilnehmen k\u00f6nnten. Das FSG hat zugesagt und so ist das Projekt ins Leben gerufen worden. Das Ziel des Projektes ist es Sch\u00fcler handwerkliche F\u00e4higkeiten beizubringen und den Umgang mit Pfeilen, Holz, Maschinen. Sie bauten beispielsweise Schwedenst\u00fchle. Die Sch\u00fcler sollen lernen, pr\u00e4zise mit Werkzeugen umgehen zu k\u00f6nnen und am Ende k\u00f6nnen sie dadurch den Erfolg an beispielsweise dem Stuhl sehen.<\/p>\n\n\n\n<p>Noch einmal vielen Dank an das THW\u2026<\/p>\n\n\n\n<figure class=\"wp-block-image size-large\"><img loading=\"lazy\" width=\"1024\" height=\"768\" src=\"https:\/\/fs4you.fsg-preetz.de\/wp-content\/uploads\/2024\/07\/Bild-2-THW-1024x768.jpg\" alt=\"\" class=\"wp-image-578\" srcset=\"https:\/\/fs4you.fsg-preetz.de\/wp-content\/uploads\/2024\/07\/Bild-2-THW-1024x768.jpg 1024w, https:\/\/fs4you.fsg-preetz.de\/wp-content\/uploads\/2024\/07\/Bild-2-THW-300x225.jpg 300w, https:\/\/fs4you.fsg-preetz.de\/wp-content\/uploads\/2024\/07\/Bild-2-THW-768x576.jpg 768w, https:\/\/fs4you.fsg-preetz.de\/wp-content\/uploads\/2024\/07\/Bild-2-THW-1536x1152.jpg 1536w, https:\/\/fs4you.fsg-preetz.de\/wp-content\/uploads\/2024\/07\/Bild-2-THW-2048x1536.jpg 2048w\" sizes=\"(max-width: 1024px) 100vw, 1024px\" \/><\/figure>\n","protected":false},"excerpt":{"rendered":"<p>Das technische Hilfswerk hat dieses Jahr ein Projekt an dieser Schule, geleitet von Michael Hye, der selber seit 1991 im THW aktiv ist. Seit Anfang &hellip; <\/p>\n","protected":false},"author":2,"featured_media":577,"comment_status":"closed","ping_status":"closed","sticky":false,"template":"","format":"standard","meta":[],"categories":[22],"tags":[],"_links":{"self":[{"href":"https:\/\/fs4you.fsg-preetz.de\/index.php?rest_route=\/wp\/v2\/posts\/576"}],"collection":[{"href":"https:\/\/fs4you.fsg-preetz.de\/index.php?rest_route=\/wp\/v2\/posts"}],"about":[{"href":"https:\/\/fs4you.fsg-preetz.de\/index.php?rest_route=\/wp\/v2\/types\/post"}],"author":[{"embeddable":true,"href":"https:\/\/fs4you.fsg-preetz.de\/index.php?rest_route=\/wp\/v2\/users\/2"}],"replies":[{"embeddable":true,"href":"https:\/\/fs4you.fsg-preetz.de\/index.php?rest_route=%2Fwp%2Fv2%2Fcomments&post=576"}],"version-history":[{"count":1,"href":"https:\/\/fs4you.fsg-preetz.de\/index.php?rest_route=\/wp\/v2\/posts\/576\/revisions"}],"predecessor-version":[{"id":579,"href":"https:\/\/fs4you.fsg-preetz.de\/index.php?rest_route=\/wp\/v2\/posts\/576\/revisions\/579"}],"wp:featuredmedia":[{"embeddable":true,"href":"https:\/\/fs4you.fsg-preetz.de\/index.php?rest_route=\/wp\/v2\/media\/577"}],"wp:attachment":[{"href":"https:\/\/fs4you.fsg-preetz.de\/index.php?rest_route=%2Fwp%2Fv2%2Fmedia&parent=576"}],"wp:term":[{"taxonomy":"category","embeddable":true,"href":"https:\/\/fs4you.fsg-preetz.de\/index.php?rest_route=%2Fwp%2Fv2%2Fcategories&post=576"},{"taxonomy":"post_tag","embeddable":true,"href":"https:\/\/fs4you.fsg-preetz.de\/index.php?rest_route=%2Fwp%2Fv2%2Ftags&post=576"}],"curies":[{"name":"wp","href":"https:\/\/api.w.org\/{rel}","templated":true}]}}