{"id":842,"date":"2025-10-19T12:04:30","date_gmt":"2025-10-19T10:04:30","guid":{"rendered":"https:\/\/fs4you.fsg-preetz.de\/?p=842"},"modified":"2025-10-19T12:09:42","modified_gmt":"2025-10-19T10:09:42","slug":"unsere-berlin-fahrt","status":"publish","type":"post","link":"https:\/\/fs4you.fsg-preetz.de\/?p=842","title":{"rendered":"Unsere Berlin Fahrt"},"content":{"rendered":"\n<p><\/p>\n\n\n\n<p>In der Woche vom 20. bis zum 25. September 2025 durften wir: Noah, Simon R., Simon O., Jakob und Jara unsere Rudermannschaft zum Bundesfinale von&nbsp;<em>Jugend trainiert f\u00fcr Olympia<\/em>&nbsp;begleiten.<\/p>\n\n\n\n<p>Bevor es losging, hatten wir nat\u00fcrlich alle gewisse Vorstellungen.<\/p>\n\n\n\n<p>,,Wir hatten vorher eine Besprechung mit Herrn Wolff, der schon die Jahre davor die Mannschaften zum Finale nach Rittershorn begleiten durfte , daher wussten wir die ungef\u00e4hre Lage unserer Jugendherberge schon vorab und auch Aufgaben hatten wir vorher schon besprochen.\u201cJara&nbsp;<\/p>\n\n\n\n<p>\u201eIch dachte daher ehrlich gesagt, dass es viel anstrengender wird und wir kaum Freizeit haben w\u00fcrden\u201c, meinte Noah. \u201eAu\u00dferdem hatte ich erwartet, dass wir in so ein kleines Mini-Hotel kommen. Aber am Ende hatten wir mit den M\u00e4dchen zusammen ein Bootshaus, mit eigenem Steg, Garten und Wald daneben. Das war richtig s\u00fc\u00df und ganz anders, als ich dachte.\u201c<\/p>\n\n\n\n<p>Auch Jakob hatte andere Erwartungen: \u201eIch habe mir vorgestellt, dass wir in einem st\u00e4dtischen Gebiet wohnen w\u00fcrden. Aber wir waren mitten im Wald und das war richtig sch\u00f6n. Man hatte morgens und abends seine Ruhe und trotzdem war der Weg zur Regattastrecke ganz kurz.\u201c<\/p>\n\n\n\n<p>Simon O. erg\u00e4nzte: \u201eIch habe gedacht, dass die Unterkunft voller sein w\u00fcrde, aber sie war ziemlich leer. Unsere Mitbewohner dort waren sehr nett, und die ganze Stimmung war auch entspannt.Das Fotografieren war daher auch sehr einfach, keiner hatte Probleme damit.\u201c<\/p>\n\n\n\n<p>Simon R. sagte dazu: \u201eIch habe mir die Jugendherberge eher klein und eng vorgestellt, mit wenig Platz und vielen Leuten. Au\u00dferdem habe ich mit viel Arbeit und wenig Freizeit gerechnet. Deshalb bin ich von einer sehr anstrengenden Woche ausgegangen.\u201c<\/p>\n\n\n\n<p>Doch es sah anders aus.<\/p>\n\n\n\n<p>\u201eWir hatten viel Freizeit und haben sie echt sch\u00f6n genutzt\u201c,sagte Noah. \u201eWir waren viel drau\u00dfen, haben Berlin erkundet, in der Mall of Berlin geshoppt und Sehensw\u00fcrdigkeiten wie das Brandenburger Tor, den Fernsehturm und die Berliner Mauer gesehen. Auch das Anne-Frank-Museum hat mich sehr \u00fcberrascht, ich dachte ich w\u00fcsste schon alles, aber es war unglaublich bewegend.\u201c<\/p>\n\n\n\n<p>Jakob erz\u00e4hlte begeistert: \u201eAm Montag konnten wir nach dem Training das Classic-Remise-Automuseum besuchen. Da standen Oldtimer, aber auch moderne Autos wie ein Bugatti Veyron oder ein Ferrari LaFerrari. Das war f\u00fcr mich ein Highlight,da ich mich sehr f\u00fcr Autos interessiere.\u201c<\/p>\n\n\n\n<p>,,Ich hatte das Gl\u00fcck, mit Jakob auf einem Boot mitgenommen zu werden\u201c, berichtete Simon R. begeistert. \u201eWir konnten so den Start der Regatta direkt vom Wasser aus fotografieren und filmen. Es war eine einmalige Gelegenheit, die Regattastrecke so nah zu erleben.\u201c<\/p>\n\n\n\n<p>Auch Simon O. erz\u00e4hlte : \u201eEs war toll, an der Regattastrecke gute Spots f\u00fcr Fotos und Videos zu finden. Herr Wolff hat uns sogar gezeigt, wie man am besten den Start einf\u00e4ngt, so sind wirklich sch\u00f6ne Aufnahmen entstanden.\u201c Mit diesen Aufnahmen werden wir versuchen euch einen sehr guten Einblick zu erm\u00f6glichen.<\/p>\n\n\n\n<p>Die gesamte Woche \u00fcber zeigte sich die Gelegenheit, eindrucksvolle Einblicke in die Leidenschaft und den Teamgeist der Ruderbegeisterten zu gewinnen.<\/p>\n\n\n\n<p>,,Man hat den Teamgeist gesehen und es war sch\u00f6n zu sehen wie sich die Teams gegenseitig angefeuert haben.\u201c erkl\u00e4rte Jara ,,Es ist ein ganz anderes Verh\u00e4ltnis zwischen Sch\u00fclern und Lehrern , sie arbeiten komplett im Team zusammen das hat mich sehr begeistert.\u201c<\/p>\n\n\n\n<p>Nat\u00fcrlich gab es auch ganz pers\u00f6nliche Highlights.<\/p>\n\n\n\n<p>\u201eF\u00fcr mich war das gr\u00f6\u00dfte Highlight einfach die Gesellschaft\u201c, sagte Noah. \u201eAlles mit meinen Freunden zu erleben, und dann noch meinen Geburtstag dort feiern zu k\u00f6nnen,dass hat mich echt ber\u00fchrt.\u201c<\/p>\n\n\n\n<p>Jakob nickte: \u201eDie Abende mit meinen Freunden waren einfach super. Und es war cool, die bekannten Berliner Sehensw\u00fcrdigkeiten zu sehen.\u201c<\/p>\n\n\n\n<p>\u201eIch fand\u2019s toll, mit den anderen durch Berlin zu laufen und der Batman Burgerladen war echt richtig gut\u201c,erz\u00e4hlte Simon O.&nbsp;&nbsp;mit Begeisterung.<\/p>\n\n\n\n<p>Simon R.: \u201eMein Highlight waren die Abende, an denen wir frei hatten. Da hatten wir richtig viel Spa\u00df zusammen.\u201c<\/p>\n\n\n\n<p>,,F\u00fcr mich war die ganze Woche ein Highlight, da ich es einfach super fand, dass die Schule uns dies erm\u00f6glicht hat.\u201c erz\u00e4hlte Jara zum Schluss ,,Und es dann noch die M\u00f6glichkeit dies mit Freunden zu erleben war wirklich sehr sch\u00f6n.\u201c<\/p>\n\n\n\n<p>Am Ende waren wir uns alle einig, dass die Berlin-Woche viel sch\u00f6ner und abwechslungsreicher war, als wir es uns vorgestellt hatten und vor allem ein unvergessliches Erlebnis wobei wir auch noch viel gelernt haben.<\/p>\n\n\n\n<figure class=\"wp-block-image size-large\"><img loading=\"lazy\" width=\"1024\" height=\"680\" src=\"https:\/\/fs4you.fsg-preetz.de\/wp-content\/uploads\/2025\/10\/cfc51e76-4a3b-4988-a374-f5e7cae263ef-1024x680.jpeg\" alt=\"\" class=\"wp-image-843\" srcset=\"https:\/\/fs4you.fsg-preetz.de\/wp-content\/uploads\/2025\/10\/cfc51e76-4a3b-4988-a374-f5e7cae263ef-1024x680.jpeg 1024w, https:\/\/fs4you.fsg-preetz.de\/wp-content\/uploads\/2025\/10\/cfc51e76-4a3b-4988-a374-f5e7cae263ef-300x199.jpeg 300w, https:\/\/fs4you.fsg-preetz.de\/wp-content\/uploads\/2025\/10\/cfc51e76-4a3b-4988-a374-f5e7cae263ef-768x510.jpeg 768w, https:\/\/fs4you.fsg-preetz.de\/wp-content\/uploads\/2025\/10\/cfc51e76-4a3b-4988-a374-f5e7cae263ef-1536x1020.jpeg 1536w, https:\/\/fs4you.fsg-preetz.de\/wp-content\/uploads\/2025\/10\/cfc51e76-4a3b-4988-a374-f5e7cae263ef.jpeg 1600w\" sizes=\"(max-width: 1024px) 100vw, 1024px\" \/><\/figure>\n\n\n\n<p><\/p>\n","protected":false},"excerpt":{"rendered":"<p>In der Woche vom 20. bis zum 25. September 2025 durften wir: Noah, Simon R., Simon O., Jakob und Jara unsere Rudermannschaft zum Bundesfinale von&nbsp;Jugend &hellip; <\/p>\n","protected":false},"author":15,"featured_media":843,"comment_status":"open","ping_status":"open","sticky":true,"template":"","format":"standard","meta":[],"categories":[31],"tags":[],"_links":{"self":[{"href":"https:\/\/fs4you.fsg-preetz.de\/index.php?rest_route=\/wp\/v2\/posts\/842"}],"collection":[{"href":"https:\/\/fs4you.fsg-preetz.de\/index.php?rest_route=\/wp\/v2\/posts"}],"about":[{"href":"https:\/\/fs4you.fsg-preetz.de\/index.php?rest_route=\/wp\/v2\/types\/post"}],"author":[{"embeddable":true,"href":"https:\/\/fs4you.fsg-preetz.de\/index.php?rest_route=\/wp\/v2\/users\/15"}],"replies":[{"embeddable":true,"href":"https:\/\/fs4you.fsg-preetz.de\/index.php?rest_route=%2Fwp%2Fv2%2Fcomments&post=842"}],"version-history":[{"count":3,"href":"https:\/\/fs4you.fsg-preetz.de\/index.php?rest_route=\/wp\/v2\/posts\/842\/revisions"}],"predecessor-version":[{"id":847,"href":"https:\/\/fs4you.fsg-preetz.de\/index.php?rest_route=\/wp\/v2\/posts\/842\/revisions\/847"}],"wp:featuredmedia":[{"embeddable":true,"href":"https:\/\/fs4you.fsg-preetz.de\/index.php?rest_route=\/wp\/v2\/media\/843"}],"wp:attachment":[{"href":"https:\/\/fs4you.fsg-preetz.de\/index.php?rest_route=%2Fwp%2Fv2%2Fmedia&parent=842"}],"wp:term":[{"taxonomy":"category","embeddable":true,"href":"https:\/\/fs4you.fsg-preetz.de\/index.php?rest_route=%2Fwp%2Fv2%2Fcategories&post=842"},{"taxonomy":"post_tag","embeddable":true,"href":"https:\/\/fs4you.fsg-preetz.de\/index.php?rest_route=%2Fwp%2Fv2%2Ftags&post=842"}],"curies":[{"name":"wp","href":"https:\/\/api.w.org\/{rel}","templated":true}]}}