{"id":984,"date":"2025-12-10T08:19:46","date_gmt":"2025-12-10T07:19:46","guid":{"rendered":"https:\/\/fs4you.fsg-preetz.de\/?p=984"},"modified":"2025-12-21T20:23:37","modified_gmt":"2025-12-21T19:23:37","slug":"anne-frank-ausstellung","status":"publish","type":"post","link":"https:\/\/fs4you.fsg-preetz.de\/?p=984","title":{"rendered":"Anne Frank Ausstellung"},"content":{"rendered":"\n<p><br><strong>Jara Siegel<\/strong><\/p>\n\n\n\n<p>Die F\u00fchrung war in zwei Teile aufgeteilt. In dem ersten Teil haben wir dar\u00fcber gesprochen, was uns als Mensch ausmacht und auch \u00fcber Themen wie Diskriminierung geredet. Dazu haben wir dann eine \u00dcbung gemacht, bei der wir verschiedene Situationen bekommen haben und uns dann zuordnen sollten, wie wir reagieren w\u00fcrden. Ich fand diesen Teil sehr interessant und vor allem wichtig, da Diskriminierung auch heute noch ein aktuelles Thema ist und ich es wichtig finde darauf aufmerksam zu machen und zu wissen wie man damit umgeht. In dem zweiten Teil haben wir viel \u00fcber Anne Frank und ihr Leben zur Zeit des Nationalsozialismus erfahren. Mich hat dabei besonders \u00fcberrascht, wie stark die Juden damals aus der Gesellschaft ausgeschlossen wurden und welchen absurden Regeln sie sich unterwerfen mussten. Insgesamt fand ich die Ausstellung sehr informativ und durch den Teil, wie wir miteinander umgehen sollten, auch sehr gut gestaltet.<\/p>\n\n\n\n<p><strong>Noah Goldbach<\/strong><\/p>\n\n\n\n<p> Mir hat die Ausstellung sehr gefallen, obwohl ich ein paar Wochen davor schon im Anne Frank Zentrum in Berlin war, habe ich was dazu lernen k\u00f6nnen und konnte die Informationen vertiefen. Ich fand es auch gut, dass auf die aktuelle Zeit geschaut wurde und gezeigt wurde, dass heutzutage Diskriminierung immer noch ein gro\u00dfes Thema ist. Insgesamt war die F\u00fchrung sehr gelungen, das Konzept mit den Sch\u00fclerinnen, die den Rundgang geleitet haben, hat super geklappt. Das hat geholfen das Unterrichtsgef\u00fchl zu nehmen, die Leitung hat es aber trotzdem geschafft die Klasse leise zu halten, was mich sehr beeindruckt hat. Sehr gut fand ich es, dass man nicht nur stumpf zugeh\u00f6rt hat, sondern dass man sich&nbsp; auch ein wenig beteiligen konnte.&nbsp;<br><\/p>\n\n\n\n<p><strong>Interview<\/strong><\/p>\n\n\n\n<p>Was hat dich am meisten beeindruckt?<\/p>\n\n\n\n<p>Arthur, Besucher der Ausstellung: Ich w\u00fcrde auf jeden Fall sagen die vielen Bilder dass man sich alles direkt lebhaft vorstellen kann.<\/p>\n\n\n\n<p>Was hat dich dazu bewegt, diese Ausstellung zu f\u00fchren?<\/p>\n\n\n\n<p>Jannis, ist auch selber ein F\u00fchrer der Ausstellung: Ja, also, man muss sich auch engagieren und das ist ja so eine gro\u00dfartige Gelegenheit und sich auch einzubringen, deswegen habe ich das<\/p>\n\n\n\n<p>Wie hast du dich w\u00e4hrend der F\u00fchrung gef\u00fchlt, also jetzt so?<\/p>\n\n\n\n<p>Arthur: Ich war bedr\u00fcckt, weil man sieht die Menschen, die jetzt tot sind und guckt denen auch noch ins Gesicht.<\/p>\n\n\n\n<p>Frage: W\u00fcrdest du es auch anderen Leuten empfehlen, diese F\u00fchrung zu leiten?<\/p>\n\n\n\n<p>Jannis: Ja, ich finde, das ist eine gute Erfahrung, weil man lernt auch die ganzen geschichtlichen Details und man lernt ein bisschen Menschenkenntnisse, wie man mit Gruppen umgeht oder was man macht, wenn Leute einen nicht ernst nehmen. Man lernt die ganzen sozialen Kompetenzen.<\/p>\n\n\n\n<p>Hast du heute etwas Neues gelernt heute oder war&nbsp;&nbsp;dir alles schon bekannt?<\/p>\n\n\n\n<p>Arthur: Ich w\u00fcrde sagen, das war alles schon bekannt aus dem Geschichtsunterricht. Ich habe nichts Neues gelernt.<\/p>\n\n\n\n<p>Also war er ein bisschen entt\u00e4uschend.<\/p>\n\n\n\n<p>Arthur: Nicht entt\u00e4uschend, das wurde alles schon durchgenommen, das war sozusagen wie eine Wiederholung oder eine Vertiefung.&nbsp;<\/p>\n\n\n\n<p>Was musstest du tun, um Peer Guide zu werden?<\/p>\n\n\n\n<p>Jannis : Wir wurden in der Klasse gefragt, wer da Lust hat mitzumachen und ich habe mich gemeldet und dann wurden wir daf\u00fcr angemeldet. Es gab so ein zweit\u00e4giges Seminar. Ein Tag haben wir die ganze Ausstellung kennengelernt und der andere Tag zum sozialen, wie man interagiert, wenn bestimmte Sachen passieren. Genau und dann kann man sich hier f\u00fcr die F\u00fchrung&nbsp;&nbsp;eintragen.<\/p>\n\n\n\n<p>&nbsp;In der Zeit hattest du auch keine Schule.<\/p>\n\n\n\n<p>Jannis: Genau, also ich krieg daf\u00fcr befreit.<\/p>\n\n\n\n<p>Siehst du parallel zwischen der Ausstellung und der heutigen Gesellschaft?<\/p>\n\n\n\n<p>Arthur: Ja auf jeden Fall, wir sind heutzutage wieder einem gro\u00dfen Rechtsdruck ausgesetzt und wir sollten dagegen besser vorgehen als damals.&nbsp;<\/p>\n\n\n\n<p>Wie w\u00fcrdest du die Ausstellung jemanden beschreiben der sie noch nie besucht hat?&nbsp;<\/p>\n\n\n\n<p>Arthur: Auf jeden Fall sehr informativ, es gab sehr viele Texte und auch sehr viele Bilder und es gab auch einen sehr aktuellen Teil also auch lebendig und man kann sich da gut mit verbinden.&nbsp;<\/p>\n\n\n\n<p>Wie fandest du das dass andere Sch\u00fcler auch die Aufstellung geleitet haben?&nbsp;<\/p>\n\n\n\n<p>Arthur: Nicht so gut ich h\u00e4tte mir&nbsp;&nbsp;da jemanden gew\u00fcnscht, die auch daf\u00fcr qualifizierter ist. Irgendwie hat das nicht so gewirkt, als h\u00e4tte sie da besonders viel Lust oder Spa\u00df dran.&nbsp;<\/p>\n\n\n\n<p>Wie kommt es es bei den Sch\u00fclern an, dass ihnen die Ausstellung von anderen Sch\u00fclern gezeigt wird?&nbsp;<\/p>\n\n\n\n<p>Jannis: Also ich glaube manche nehmen das gar nicht ernst, weil man halt gar keine Autorit\u00e4t hat aber ich glaub manche sehen dass auch etwas bodenst\u00e4ndiger ist und dass das auch besser aufgenommen wird. Nicht so wie Unterricht sondern eher wie so eine Erz\u00e4hlung.&nbsp;<\/p>\n\n\n\n<p>Was war f\u00fcr euch das schwierigste daran anderen Sch\u00fclern das Thema zu vermitteln?&nbsp;<\/p>\n\n\n\n<p>Jannis: Also das Vermitteln ist gar nicht das schwerste, sondern das schwerste ist eher, dass die Sch\u00fcler einen respektieren und eine Dynamik entsteht und nicht dass man einfach vorne sitzt und die machen &nbsp;ihre Witze und lachen und wenn du denen sagst: \u201eH\u00f6rt mal auf\u201c, dass die dann einfach weitermachen, weil die halt kein Respekt haben.<\/p>\n\n\n\n<p><\/p>\n","protected":false},"excerpt":{"rendered":"<p>Jara Siegel Die F\u00fchrung war in zwei Teile aufgeteilt. In dem ersten Teil haben wir dar\u00fcber gesprochen, was uns als Mensch ausmacht und auch \u00fcber &hellip; <\/p>\n","protected":false},"author":31,"featured_media":0,"comment_status":"closed","ping_status":"closed","sticky":false,"template":"","format":"standard","meta":[],"categories":[3,1],"tags":[],"_links":{"self":[{"href":"https:\/\/fs4you.fsg-preetz.de\/index.php?rest_route=\/wp\/v2\/posts\/984"}],"collection":[{"href":"https:\/\/fs4you.fsg-preetz.de\/index.php?rest_route=\/wp\/v2\/posts"}],"about":[{"href":"https:\/\/fs4you.fsg-preetz.de\/index.php?rest_route=\/wp\/v2\/types\/post"}],"author":[{"embeddable":true,"href":"https:\/\/fs4you.fsg-preetz.de\/index.php?rest_route=\/wp\/v2\/users\/31"}],"replies":[{"embeddable":true,"href":"https:\/\/fs4you.fsg-preetz.de\/index.php?rest_route=%2Fwp%2Fv2%2Fcomments&post=984"}],"version-history":[{"count":2,"href":"https:\/\/fs4you.fsg-preetz.de\/index.php?rest_route=\/wp\/v2\/posts\/984\/revisions"}],"predecessor-version":[{"id":987,"href":"https:\/\/fs4you.fsg-preetz.de\/index.php?rest_route=\/wp\/v2\/posts\/984\/revisions\/987"}],"wp:attachment":[{"href":"https:\/\/fs4you.fsg-preetz.de\/index.php?rest_route=%2Fwp%2Fv2%2Fmedia&parent=984"}],"wp:term":[{"taxonomy":"category","embeddable":true,"href":"https:\/\/fs4you.fsg-preetz.de\/index.php?rest_route=%2Fwp%2Fv2%2Fcategories&post=984"},{"taxonomy":"post_tag","embeddable":true,"href":"https:\/\/fs4you.fsg-preetz.de\/index.php?rest_route=%2Fwp%2Fv2%2Ftags&post=984"}],"curies":[{"name":"wp","href":"https:\/\/api.w.org\/{rel}","templated":true}]}}